{"id":2250,"date":"2026-04-13T18:29:20","date_gmt":"2026-04-13T18:29:20","guid":{"rendered":"https:\/\/bodegasierraalmagrera.com\/caballo-espanol-plata-2021-von-bodega-sierra-almagrera-ausgezeichnet-mit-der-silbermedaille-beim-concours-international-de-lyon-frankreich\/"},"modified":"2026-04-29T17:49:53","modified_gmt":"2026-04-29T17:49:53","slug":"caballo-espanol-plata-2021-von-bodega-sierra-almagrera-ausgezeichnet-mit-der-silbermedaille-beim-concours-international-de-lyon-frankreich","status":"publish","type":"post","link":"https:\/\/bodegasierraalmagrera.com\/de\/caballo-espanol-plata-2021-von-bodega-sierra-almagrera-ausgezeichnet-mit-der-silbermedaille-beim-concours-international-de-lyon-frankreich\/","title":{"rendered":"Caballo Espa\u00f1ol\u00ae Plata 2021 von Bodega Sierra Almagrera, ausgezeichnet mit der Silbermedaille beim Concours International de Lyon (Frankreich)"},"content":{"rendered":"\n<p>Die Bodega Sierra Almagrera mit Sitz in Cuevas del Almanzora wurde beim renommierten Concours International de Lyon mit einer Silbermedaille f\u00fcr ihren Wein Caballo Espa\u00f1ol\u00ae Plata, Jahrgang 2021, ausgezeichnet und festigt damit ihre Position als eines der au\u00dfergew\u00f6hnlichsten Weing\u00fcter in der spanischen Weinlandschaft.<\/p>\n\n<p>Im Levante Almeriense gelegen, ist das Weingut ein Beispiel f\u00fcr <strong>\u00dcberwindung und Exzellenz<\/strong>. In einer Region, in der die Weinproduktion historisch als nicht realisierbar galt \u2013 aufgrund von Wassermangel, hohen Temperaturen und mehr als 325 Sonnentagen im Jahr \u2013, ist es der Bodega Sierra Almagrera gelungen, in nur 22 Jahren <strong>Weine von h\u00f6chster Qualit\u00e4t<\/strong> zu erzeugen, die international mit den besten der Welt konkurrieren. <\/p>\n\n<p>Der pr\u00e4mierte Wein, Caballo Espa\u00f1ol\u00ae Plata 2021, ist ein Rotwein aus einem <strong>Cuv\u00e9e aus Syrah, Tempranillo und Monastrell<\/strong>, der die Einzigartigkeit des Terroirs von Almer\u00eda widerspiegelt. Der Ausbau umfasst eine 24-monatige Reifung in Barriques aus franz\u00f6sischer und amerikanischer Eiche, gefolgt von einer Flaschenreife von mindestens drei Jahren, was zu einem strukturierten, eleganten und sehr komplexen Wein f\u00fchrt. <\/p>\n\n<figure class=\"wp-block-image aligncenter size-large is-resized\"><img fetchpriority=\"high\" decoding=\"async\" width=\"819\" height=\"1024\" src=\"https:\/\/bodegasierraalmagrera.com\/wp-content\/uploads\/2026\/04\/18082025-1-59-1-1-819x1024.jpg\" alt=\"\" class=\"wp-image-2248\" style=\"aspect-ratio:3\/4;object-fit:cover;width:400px\" srcset=\"https:\/\/bodegasierraalmagrera.com\/wp-content\/uploads\/2026\/04\/18082025-1-59-1-1-819x1024.jpg 819w, https:\/\/bodegasierraalmagrera.com\/wp-content\/uploads\/2026\/04\/18082025-1-59-1-1-240x300.jpg 240w, https:\/\/bodegasierraalmagrera.com\/wp-content\/uploads\/2026\/04\/18082025-1-59-1-1-768x960.jpg 768w, https:\/\/bodegasierraalmagrera.com\/wp-content\/uploads\/2026\/04\/18082025-1-59-1-1.jpg 900w\" sizes=\"(max-width: 819px) 100vw, 819px\" \/><\/figure>\n\n<p>Diese neue Auszeichnung erg\u00e4nzt die beeindruckende Erfolgsgeschichte der Marke <strong>Caballo Espa\u00f1ol\u00ae<\/strong>, die in den letzten Jahren zahlreiche Medaillen bei renommierten Wettbewerben wie<strong> Bacchus International Wine Competition und CINVE<\/strong> sowie bei weiteren internationalen Wettbewerben gesammelt hat. Besonders hervorzuheben ist das Jahr 2025, in dem das Weingut eine Silbermedaille bei den Decanter World Wine Awards (England) und eine Goldmedaille bei CINVE erhielt und damit seine Positionierung in der Elite der Branche bekr\u00e4ftigte. <\/p>\n\n<p>F\u00fcr das Weingut sind diese Auszeichnungen ein Grund zum Stolz und eine Anerkennung des kontinuierlichen Einsatzes, zu zeigen, dass selbst unter extremen Bedingungen enologische Exzellenz erreichbar ist.<\/p>\n","protected":false},"excerpt":{"rendered":"<p>Die Bodega Sierra Almagrera mit Sitz in Cuevas del Almanzora wurde beim renommierten Concours International de Lyon mit einer Silbermedaille f\u00fcr ihren Wein Caballo Espa\u00f1ol\u00ae Plata, Jahrgang 2021, ausgezeichnet und festigt damit ihre Position als eines der au\u00dfergew\u00f6hnlichsten Weing\u00fcter in der spanischen Weinlandschaft. Im Levante Almeriense gelegen, ist das Weingut ein Beispiel f\u00fcr \u00dcberwindung und [&hellip;]<\/p>\n","protected":false},"author":2,"featured_media":2278,"comment_status":"closed","ping_status":"open","sticky":false,"template":"","format":"standard","meta":{"footnotes":""},"categories":[11],"tags":[],"class_list":["post-2250","post","type-post","status-publish","format-standard","has-post-thumbnail","hentry","category-unkategorisiert"],"yoast_head":"<!-- This site is optimized with the Yoast SEO plugin v27.0 - https:\/\/yoast.com\/product\/yoast-seo-wordpress\/ -->\n<title>Caballo Espa\u00f1ol\u00ae Plata 2021 von Bodega Sierra Almagrera, ausgezeichnet mit der Silbermedaille beim Concours International de Lyon (Frankreich)<\/title>\n<meta name=\"description\" content=\"Silbermedaille beim renommierten Concours International de Lyon f\u00fcr Caballo Espa\u00f1ol\u00ae Plata, Jahrgang 2021, wodurch unsere Position als eine der au\u00dfergew\u00f6hnlichsten Kellereien der spanischen Weinlandschaft gefestigt wird.\" \/>\n<meta name=\"robots\" content=\"index, follow, max-snippet:-1, max-image-preview:large, max-video-preview:-1\" \/>\n<link rel=\"canonical\" href=\"https:\/\/bodegasierraalmagrera.com\/de\/caballo-espanol-plata-2021-von-bodega-sierra-almagrera-ausgezeichnet-mit-der-silbermedaille-beim-concours-international-de-lyon-frankreich\/\" \/>\n<meta property=\"og:locale\" content=\"de_DE\" \/>\n<meta property=\"og:type\" content=\"article\" \/>\n<meta property=\"og:title\" content=\"Caballo Espa\u00f1ol\u00ae Plata 2021 von Bodega Sierra Almagrera, ausgezeichnet mit der Silbermedaille beim Concours International de Lyon (Frankreich)\" \/>\n<meta property=\"og:description\" content=\"Silbermedaille beim renommierten Concours International de Lyon f\u00fcr Caballo Espa\u00f1ol\u00ae Plata, Jahrgang 2021, wodurch unsere Position als eine der au\u00dfergew\u00f6hnlichsten Kellereien der spanischen Weinlandschaft gefestigt wird.\" \/>\n<meta property=\"og:url\" content=\"https:\/\/bodegasierraalmagrera.com\/de\/caballo-espanol-plata-2021-von-bodega-sierra-almagrera-ausgezeichnet-mit-der-silbermedaille-beim-concours-international-de-lyon-frankreich\/\" \/>\n<meta property=\"og:site_name\" content=\"Bodega Sierra Almagrera\" \/>\n<meta property=\"article:published_time\" content=\"2026-04-13T18:29:20+00:00\" \/>\n<meta property=\"article:modified_time\" content=\"2026-04-29T17:49:53+00:00\" \/>\n<meta property=\"og:image\" content=\"https:\/\/bodegasierraalmagrera.com\/wp-content\/uploads\/2026\/04\/noticia-caballo-espanol-plata-1.png\" \/>\n\t<meta property=\"og:image:width\" content=\"1200\" \/>\n\t<meta property=\"og:image:height\" content=\"630\" \/>\n\t<meta property=\"og:image:type\" content=\"image\/png\" \/>\n<meta name=\"author\" content=\"Citlalli Orozco\" \/>\n<meta name=\"twitter:card\" content=\"summary_large_image\" \/>\n<meta name=\"twitter:label1\" content=\"Verfasst von\" \/>\n\t<meta name=\"twitter:data1\" content=\"Citlalli Orozco\" \/>\n\t<meta name=\"twitter:label2\" content=\"Gesch\u00e4tzte Lesezeit\" \/>\n\t<meta name=\"twitter:data2\" content=\"1\u00a0Minute\" \/>\n<script type=\"application\/ld+json\" class=\"yoast-schema-graph\">{\"@context\":\"https:\/\/schema.org\",\"@graph\":[{\"@type\":\"Article\",\"@id\":\"https:\/\/bodegasierraalmagrera.com\/de\/caballo-espanol-plata-2021-von-bodega-sierra-almagrera-ausgezeichnet-mit-der-silbermedaille-beim-concours-international-de-lyon-frankreich\/#article\",\"isPartOf\":{\"@id\":\"https:\/\/bodegasierraalmagrera.com\/de\/caballo-espanol-plata-2021-von-bodega-sierra-almagrera-ausgezeichnet-mit-der-silbermedaille-beim-concours-international-de-lyon-frankreich\/\"},\"author\":{\"name\":\"Citlalli Orozco\",\"@id\":\"https:\/\/bodegasierraalmagrera.com\/de\/#\/schema\/person\/5dde13d1c9fedd1e0b02ac550f097292\"},\"headline\":\"Caballo Espa\u00f1ol\u00ae Plata 2021 von Bodega Sierra Almagrera, ausgezeichnet mit der Silbermedaille beim Concours International de Lyon (Frankreich)\",\"datePublished\":\"2026-04-13T18:29:20+00:00\",\"dateModified\":\"2026-04-29T17:49:53+00:00\",\"mainEntityOfPage\":{\"@id\":\"https:\/\/bodegasierraalmagrera.com\/de\/caballo-espanol-plata-2021-von-bodega-sierra-almagrera-ausgezeichnet-mit-der-silbermedaille-beim-concours-international-de-lyon-frankreich\/\"},\"wordCount\":290,\"publisher\":{\"@id\":\"https:\/\/bodegasierraalmagrera.com\/de\/#organization\"},\"image\":{\"@id\":\"https:\/\/bodegasierraalmagrera.com\/de\/caballo-espanol-plata-2021-von-bodega-sierra-almagrera-ausgezeichnet-mit-der-silbermedaille-beim-concours-international-de-lyon-frankreich\/#primaryimage\"},\"thumbnailUrl\":\"https:\/\/bodegasierraalmagrera.com\/wp-content\/uploads\/2026\/04\/noticia-caballo-espanol-plata-1.png\",\"articleSection\":[\"Unkategorisiert\"],\"inLanguage\":\"de\"},{\"@type\":\"WebPage\",\"@id\":\"https:\/\/bodegasierraalmagrera.com\/de\/caballo-espanol-plata-2021-von-bodega-sierra-almagrera-ausgezeichnet-mit-der-silbermedaille-beim-concours-international-de-lyon-frankreich\/\",\"url\":\"https:\/\/bodegasierraalmagrera.com\/de\/caballo-espanol-plata-2021-von-bodega-sierra-almagrera-ausgezeichnet-mit-der-silbermedaille-beim-concours-international-de-lyon-frankreich\/\",\"name\":\"Caballo Espa\u00f1ol\u00ae Plata 2021 von Bodega Sierra Almagrera, ausgezeichnet mit der Silbermedaille beim Concours International de Lyon (Frankreich)\",\"isPartOf\":{\"@id\":\"https:\/\/bodegasierraalmagrera.com\/de\/#website\"},\"primaryImageOfPage\":{\"@id\":\"https:\/\/bodegasierraalmagrera.com\/de\/caballo-espanol-plata-2021-von-bodega-sierra-almagrera-ausgezeichnet-mit-der-silbermedaille-beim-concours-international-de-lyon-frankreich\/#primaryimage\"},\"image\":{\"@id\":\"https:\/\/bodegasierraalmagrera.com\/de\/caballo-espanol-plata-2021-von-bodega-sierra-almagrera-ausgezeichnet-mit-der-silbermedaille-beim-concours-international-de-lyon-frankreich\/#primaryimage\"},\"thumbnailUrl\":\"https:\/\/bodegasierraalmagrera.com\/wp-content\/uploads\/2026\/04\/noticia-caballo-espanol-plata-1.png\",\"datePublished\":\"2026-04-13T18:29:20+00:00\",\"dateModified\":\"2026-04-29T17:49:53+00:00\",\"description\":\"Silbermedaille beim renommierten Concours International de Lyon f\u00fcr Caballo Espa\u00f1ol\u00ae Plata, Jahrgang 2021, wodurch unsere Position als eine der au\u00dfergew\u00f6hnlichsten Kellereien der spanischen Weinlandschaft gefestigt wird.\",\"breadcrumb\":{\"@id\":\"https:\/\/bodegasierraalmagrera.com\/de\/caballo-espanol-plata-2021-von-bodega-sierra-almagrera-ausgezeichnet-mit-der-silbermedaille-beim-concours-international-de-lyon-frankreich\/#breadcrumb\"},\"inLanguage\":\"de\",\"potentialAction\":[{\"@type\":\"ReadAction\",\"target\":[\"https:\/\/bodegasierraalmagrera.com\/de\/caballo-espanol-plata-2021-von-bodega-sierra-almagrera-ausgezeichnet-mit-der-silbermedaille-beim-concours-international-de-lyon-frankreich\/\"]}]},{\"@type\":\"ImageObject\",\"inLanguage\":\"de\",\"@id\":\"https:\/\/bodegasierraalmagrera.com\/de\/caballo-espanol-plata-2021-von-bodega-sierra-almagrera-ausgezeichnet-mit-der-silbermedaille-beim-concours-international-de-lyon-frankreich\/#primaryimage\",\"url\":\"https:\/\/bodegasierraalmagrera.com\/wp-content\/uploads\/2026\/04\/noticia-caballo-espanol-plata-1.png\",\"contentUrl\":\"https:\/\/bodegasierraalmagrera.com\/wp-content\/uploads\/2026\/04\/noticia-caballo-espanol-plata-1.png\",\"width\":1200,\"height\":630,\"caption\":\"Nachricht Caballo Espa\u00f1ol Plata\"},{\"@type\":\"BreadcrumbList\",\"@id\":\"https:\/\/bodegasierraalmagrera.com\/de\/caballo-espanol-plata-2021-von-bodega-sierra-almagrera-ausgezeichnet-mit-der-silbermedaille-beim-concours-international-de-lyon-frankreich\/#breadcrumb\",\"itemListElement\":[{\"@type\":\"ListItem\",\"position\":1,\"name\":\"Home\",\"item\":\"https:\/\/bodegasierraalmagrera.com\/de\/startseite\/\"},{\"@type\":\"ListItem\",\"position\":2,\"name\":\"Caballo Espa\u00f1ol\u00ae Plata 2021 von Bodega Sierra Almagrera, ausgezeichnet mit der Silbermedaille beim Concours International de Lyon (Frankreich)\"}]},{\"@type\":\"WebSite\",\"@id\":\"https:\/\/bodegasierraalmagrera.com\/de\/#website\",\"url\":\"https:\/\/bodegasierraalmagrera.com\/de\/\",\"name\":\"Bodega Sierra Almagrera\",\"description\":\"\",\"publisher\":{\"@id\":\"https:\/\/bodegasierraalmagrera.com\/de\/#organization\"},\"potentialAction\":[{\"@type\":\"SearchAction\",\"target\":{\"@type\":\"EntryPoint\",\"urlTemplate\":\"https:\/\/bodegasierraalmagrera.com\/de\/?s={search_term_string}\"},\"query-input\":{\"@type\":\"PropertyValueSpecification\",\"valueRequired\":true,\"valueName\":\"search_term_string\"}}],\"inLanguage\":\"de\"},{\"@type\":\"Organization\",\"@id\":\"https:\/\/bodegasierraalmagrera.com\/de\/#organization\",\"name\":\"Bodega Sierra Almagrera\",\"url\":\"https:\/\/bodegasierraalmagrera.com\/de\/\",\"logo\":{\"@type\":\"ImageObject\",\"inLanguage\":\"de\",\"@id\":\"https:\/\/bodegasierraalmagrera.com\/de\/#\/schema\/logo\/image\/\",\"url\":\"https:\/\/bodegasierraalmagrera.com\/wp-content\/uploads\/2026\/02\/bodega-sierra-almagrera-fondo-transparente-2-1.png\",\"contentUrl\":\"https:\/\/bodegasierraalmagrera.com\/wp-content\/uploads\/2026\/02\/bodega-sierra-almagrera-fondo-transparente-2-1.png\",\"width\":500,\"height\":150,\"caption\":\"Bodega Sierra Almagrera\"},\"image\":{\"@id\":\"https:\/\/bodegasierraalmagrera.com\/de\/#\/schema\/logo\/image\/\"}},{\"@type\":\"Person\",\"@id\":\"https:\/\/bodegasierraalmagrera.com\/de\/#\/schema\/person\/5dde13d1c9fedd1e0b02ac550f097292\",\"name\":\"Citlalli Orozco\",\"image\":{\"@type\":\"ImageObject\",\"inLanguage\":\"de\",\"@id\":\"https:\/\/bodegasierraalmagrera.com\/de\/#\/schema\/person\/image\/\",\"url\":\"https:\/\/secure.gravatar.com\/avatar\/afc039336a78fbd1aff63f57b000cbfbc9a0732b623cda9e1d65d0ab7640f044?s=96&d=mm&r=g\",\"contentUrl\":\"https:\/\/secure.gravatar.com\/avatar\/afc039336a78fbd1aff63f57b000cbfbc9a0732b623cda9e1d65d0ab7640f044?s=96&d=mm&r=g\",\"caption\":\"Citlalli Orozco\"},\"url\":\"https:\/\/bodegasierraalmagrera.com\/de\/author\/corozco\/\"}]}<\/script>\n<!-- \/ Yoast SEO plugin. -->","yoast_head_json":{"title":"Caballo Espa\u00f1ol\u00ae Plata 2021 von Bodega Sierra Almagrera, ausgezeichnet mit der Silbermedaille beim Concours International de Lyon (Frankreich)","description":"Silbermedaille beim renommierten Concours International de Lyon f\u00fcr Caballo Espa\u00f1ol\u00ae Plata, Jahrgang 2021, wodurch unsere Position als eine der au\u00dfergew\u00f6hnlichsten Kellereien der spanischen Weinlandschaft gefestigt wird.","robots":{"index":"index","follow":"follow","max-snippet":"max-snippet:-1","max-image-preview":"max-image-preview:large","max-video-preview":"max-video-preview:-1"},"canonical":"https:\/\/bodegasierraalmagrera.com\/de\/caballo-espanol-plata-2021-von-bodega-sierra-almagrera-ausgezeichnet-mit-der-silbermedaille-beim-concours-international-de-lyon-frankreich\/","og_locale":"de_DE","og_type":"article","og_title":"Caballo Espa\u00f1ol\u00ae Plata 2021 von Bodega Sierra Almagrera, ausgezeichnet mit der Silbermedaille beim Concours International de Lyon (Frankreich)","og_description":"Silbermedaille beim renommierten Concours International de Lyon f\u00fcr Caballo Espa\u00f1ol\u00ae Plata, Jahrgang 2021, wodurch unsere Position als eine der au\u00dfergew\u00f6hnlichsten Kellereien der spanischen Weinlandschaft gefestigt wird.","og_url":"https:\/\/bodegasierraalmagrera.com\/de\/caballo-espanol-plata-2021-von-bodega-sierra-almagrera-ausgezeichnet-mit-der-silbermedaille-beim-concours-international-de-lyon-frankreich\/","og_site_name":"Bodega Sierra Almagrera","article_published_time":"2026-04-13T18:29:20+00:00","article_modified_time":"2026-04-29T17:49:53+00:00","og_image":[{"width":1200,"height":630,"url":"https:\/\/bodegasierraalmagrera.com\/wp-content\/uploads\/2026\/04\/noticia-caballo-espanol-plata-1.png","type":"image\/png"}],"author":"Citlalli Orozco","twitter_card":"summary_large_image","twitter_misc":{"Verfasst von":"Citlalli Orozco","Gesch\u00e4tzte Lesezeit":"1\u00a0Minute"},"schema":{"@context":"https:\/\/schema.org","@graph":[{"@type":"Article","@id":"https:\/\/bodegasierraalmagrera.com\/de\/caballo-espanol-plata-2021-von-bodega-sierra-almagrera-ausgezeichnet-mit-der-silbermedaille-beim-concours-international-de-lyon-frankreich\/#article","isPartOf":{"@id":"https:\/\/bodegasierraalmagrera.com\/de\/caballo-espanol-plata-2021-von-bodega-sierra-almagrera-ausgezeichnet-mit-der-silbermedaille-beim-concours-international-de-lyon-frankreich\/"},"author":{"name":"Citlalli Orozco","@id":"https:\/\/bodegasierraalmagrera.com\/de\/#\/schema\/person\/5dde13d1c9fedd1e0b02ac550f097292"},"headline":"Caballo Espa\u00f1ol\u00ae Plata 2021 von Bodega Sierra Almagrera, ausgezeichnet mit der Silbermedaille beim Concours International de Lyon (Frankreich)","datePublished":"2026-04-13T18:29:20+00:00","dateModified":"2026-04-29T17:49:53+00:00","mainEntityOfPage":{"@id":"https:\/\/bodegasierraalmagrera.com\/de\/caballo-espanol-plata-2021-von-bodega-sierra-almagrera-ausgezeichnet-mit-der-silbermedaille-beim-concours-international-de-lyon-frankreich\/"},"wordCount":290,"publisher":{"@id":"https:\/\/bodegasierraalmagrera.com\/de\/#organization"},"image":{"@id":"https:\/\/bodegasierraalmagrera.com\/de\/caballo-espanol-plata-2021-von-bodega-sierra-almagrera-ausgezeichnet-mit-der-silbermedaille-beim-concours-international-de-lyon-frankreich\/#primaryimage"},"thumbnailUrl":"https:\/\/bodegasierraalmagrera.com\/wp-content\/uploads\/2026\/04\/noticia-caballo-espanol-plata-1.png","articleSection":["Unkategorisiert"],"inLanguage":"de"},{"@type":"WebPage","@id":"https:\/\/bodegasierraalmagrera.com\/de\/caballo-espanol-plata-2021-von-bodega-sierra-almagrera-ausgezeichnet-mit-der-silbermedaille-beim-concours-international-de-lyon-frankreich\/","url":"https:\/\/bodegasierraalmagrera.com\/de\/caballo-espanol-plata-2021-von-bodega-sierra-almagrera-ausgezeichnet-mit-der-silbermedaille-beim-concours-international-de-lyon-frankreich\/","name":"Caballo Espa\u00f1ol\u00ae Plata 2021 von Bodega Sierra Almagrera, ausgezeichnet mit der Silbermedaille beim Concours International de Lyon (Frankreich)","isPartOf":{"@id":"https:\/\/bodegasierraalmagrera.com\/de\/#website"},"primaryImageOfPage":{"@id":"https:\/\/bodegasierraalmagrera.com\/de\/caballo-espanol-plata-2021-von-bodega-sierra-almagrera-ausgezeichnet-mit-der-silbermedaille-beim-concours-international-de-lyon-frankreich\/#primaryimage"},"image":{"@id":"https:\/\/bodegasierraalmagrera.com\/de\/caballo-espanol-plata-2021-von-bodega-sierra-almagrera-ausgezeichnet-mit-der-silbermedaille-beim-concours-international-de-lyon-frankreich\/#primaryimage"},"thumbnailUrl":"https:\/\/bodegasierraalmagrera.com\/wp-content\/uploads\/2026\/04\/noticia-caballo-espanol-plata-1.png","datePublished":"2026-04-13T18:29:20+00:00","dateModified":"2026-04-29T17:49:53+00:00","description":"Silbermedaille beim renommierten Concours International de Lyon f\u00fcr Caballo Espa\u00f1ol\u00ae Plata, Jahrgang 2021, wodurch unsere Position als eine der au\u00dfergew\u00f6hnlichsten Kellereien der spanischen Weinlandschaft gefestigt wird.","breadcrumb":{"@id":"https:\/\/bodegasierraalmagrera.com\/de\/caballo-espanol-plata-2021-von-bodega-sierra-almagrera-ausgezeichnet-mit-der-silbermedaille-beim-concours-international-de-lyon-frankreich\/#breadcrumb"},"inLanguage":"de","potentialAction":[{"@type":"ReadAction","target":["https:\/\/bodegasierraalmagrera.com\/de\/caballo-espanol-plata-2021-von-bodega-sierra-almagrera-ausgezeichnet-mit-der-silbermedaille-beim-concours-international-de-lyon-frankreich\/"]}]},{"@type":"ImageObject","inLanguage":"de","@id":"https:\/\/bodegasierraalmagrera.com\/de\/caballo-espanol-plata-2021-von-bodega-sierra-almagrera-ausgezeichnet-mit-der-silbermedaille-beim-concours-international-de-lyon-frankreich\/#primaryimage","url":"https:\/\/bodegasierraalmagrera.com\/wp-content\/uploads\/2026\/04\/noticia-caballo-espanol-plata-1.png","contentUrl":"https:\/\/bodegasierraalmagrera.com\/wp-content\/uploads\/2026\/04\/noticia-caballo-espanol-plata-1.png","width":1200,"height":630,"caption":"Nachricht Caballo Espa\u00f1ol Plata"},{"@type":"BreadcrumbList","@id":"https:\/\/bodegasierraalmagrera.com\/de\/caballo-espanol-plata-2021-von-bodega-sierra-almagrera-ausgezeichnet-mit-der-silbermedaille-beim-concours-international-de-lyon-frankreich\/#breadcrumb","itemListElement":[{"@type":"ListItem","position":1,"name":"Home","item":"https:\/\/bodegasierraalmagrera.com\/de\/startseite\/"},{"@type":"ListItem","position":2,"name":"Caballo Espa\u00f1ol\u00ae Plata 2021 von Bodega Sierra Almagrera, ausgezeichnet mit der Silbermedaille beim Concours International de Lyon (Frankreich)"}]},{"@type":"WebSite","@id":"https:\/\/bodegasierraalmagrera.com\/de\/#website","url":"https:\/\/bodegasierraalmagrera.com\/de\/","name":"Bodega Sierra Almagrera","description":"","publisher":{"@id":"https:\/\/bodegasierraalmagrera.com\/de\/#organization"},"potentialAction":[{"@type":"SearchAction","target":{"@type":"EntryPoint","urlTemplate":"https:\/\/bodegasierraalmagrera.com\/de\/?s={search_term_string}"},"query-input":{"@type":"PropertyValueSpecification","valueRequired":true,"valueName":"search_term_string"}}],"inLanguage":"de"},{"@type":"Organization","@id":"https:\/\/bodegasierraalmagrera.com\/de\/#organization","name":"Bodega Sierra Almagrera","url":"https:\/\/bodegasierraalmagrera.com\/de\/","logo":{"@type":"ImageObject","inLanguage":"de","@id":"https:\/\/bodegasierraalmagrera.com\/de\/#\/schema\/logo\/image\/","url":"https:\/\/bodegasierraalmagrera.com\/wp-content\/uploads\/2026\/02\/bodega-sierra-almagrera-fondo-transparente-2-1.png","contentUrl":"https:\/\/bodegasierraalmagrera.com\/wp-content\/uploads\/2026\/02\/bodega-sierra-almagrera-fondo-transparente-2-1.png","width":500,"height":150,"caption":"Bodega Sierra Almagrera"},"image":{"@id":"https:\/\/bodegasierraalmagrera.com\/de\/#\/schema\/logo\/image\/"}},{"@type":"Person","@id":"https:\/\/bodegasierraalmagrera.com\/de\/#\/schema\/person\/5dde13d1c9fedd1e0b02ac550f097292","name":"Citlalli Orozco","image":{"@type":"ImageObject","inLanguage":"de","@id":"https:\/\/bodegasierraalmagrera.com\/de\/#\/schema\/person\/image\/","url":"https:\/\/secure.gravatar.com\/avatar\/afc039336a78fbd1aff63f57b000cbfbc9a0732b623cda9e1d65d0ab7640f044?s=96&d=mm&r=g","contentUrl":"https:\/\/secure.gravatar.com\/avatar\/afc039336a78fbd1aff63f57b000cbfbc9a0732b623cda9e1d65d0ab7640f044?s=96&d=mm&r=g","caption":"Citlalli Orozco"},"url":"https:\/\/bodegasierraalmagrera.com\/de\/author\/corozco\/"}]}},"_links":{"self":[{"href":"https:\/\/bodegasierraalmagrera.com\/de\/wp-json\/wp\/v2\/posts\/2250","targetHints":{"allow":["GET"]}}],"collection":[{"href":"https:\/\/bodegasierraalmagrera.com\/de\/wp-json\/wp\/v2\/posts"}],"about":[{"href":"https:\/\/bodegasierraalmagrera.com\/de\/wp-json\/wp\/v2\/types\/post"}],"author":[{"embeddable":true,"href":"https:\/\/bodegasierraalmagrera.com\/de\/wp-json\/wp\/v2\/users\/2"}],"replies":[{"embeddable":true,"href":"https:\/\/bodegasierraalmagrera.com\/de\/wp-json\/wp\/v2\/comments?post=2250"}],"version-history":[{"count":2,"href":"https:\/\/bodegasierraalmagrera.com\/de\/wp-json\/wp\/v2\/posts\/2250\/revisions"}],"predecessor-version":[{"id":2567,"href":"https:\/\/bodegasierraalmagrera.com\/de\/wp-json\/wp\/v2\/posts\/2250\/revisions\/2567"}],"wp:featuredmedia":[{"embeddable":true,"href":"https:\/\/bodegasierraalmagrera.com\/de\/wp-json\/wp\/v2\/media\/2278"}],"wp:attachment":[{"href":"https:\/\/bodegasierraalmagrera.com\/de\/wp-json\/wp\/v2\/media?parent=2250"}],"wp:term":[{"taxonomy":"category","embeddable":true,"href":"https:\/\/bodegasierraalmagrera.com\/de\/wp-json\/wp\/v2\/categories?post=2250"},{"taxonomy":"post_tag","embeddable":true,"href":"https:\/\/bodegasierraalmagrera.com\/de\/wp-json\/wp\/v2\/tags?post=2250"}],"curies":[{"name":"wp","href":"https:\/\/api.w.org\/{rel}","templated":true}]}}